{"id":6286,"date":"2026-03-16T21:05:49","date_gmt":"2026-03-16T20:05:49","guid":{"rendered":"https:\/\/www.kvg-rheine.de\/wordpress\/?p=6286"},"modified":"2026-03-16T21:05:49","modified_gmt":"2026-03-16T20:05:49","slug":"neues-gesicht","status":"publish","type":"post","link":"https:\/\/www.kvg-rheine.de\/wordpress\/neues-gesicht\/","title":{"rendered":"Neues Gesicht"},"content":{"rendered":"<p>Mein Name ist Ronja Sandmann und ich studiere seit 2020 Lehramt an der Universit\u00e4t M\u00fcnster mit den F\u00e4chern Deutsch und Biologie. Im Herbst 2026 beende ich mein Studium in M\u00fcnster und m\u00f6chte anschlie\u00dfend mein Referendariat beginnen.<\/p>\n<p><a href=\"https:\/\/www.kvg-rheine.de\/wordpress\/wp-content\/uploads\/2026\/03\/IMG_5999-scaled.jpeg\"><img loading=\"lazy\" decoding=\"async\" class=\"alignnone  wp-image-6288\" src=\"https:\/\/www.kvg-rheine.de\/wordpress\/wp-content\/uploads\/2026\/03\/IMG_5999-240x300.jpeg\" alt=\"\" width=\"179\" height=\"224\" srcset=\"https:\/\/www.kvg-rheine.de\/wordpress\/wp-content\/uploads\/2026\/03\/IMG_5999-240x300.jpeg 240w, https:\/\/www.kvg-rheine.de\/wordpress\/wp-content\/uploads\/2026\/03\/IMG_5999-819x1024.jpeg 819w, https:\/\/www.kvg-rheine.de\/wordpress\/wp-content\/uploads\/2026\/03\/IMG_5999-768x960.jpeg 768w, https:\/\/www.kvg-rheine.de\/wordpress\/wp-content\/uploads\/2026\/03\/IMG_5999-1229x1536.jpeg 1229w, https:\/\/www.kvg-rheine.de\/wordpress\/wp-content\/uploads\/2026\/03\/IMG_5999-1638x2048.jpeg 1638w, https:\/\/www.kvg-rheine.de\/wordpress\/wp-content\/uploads\/2026\/03\/IMG_5999-960x1200.jpeg 960w, https:\/\/www.kvg-rheine.de\/wordpress\/wp-content\/uploads\/2026\/03\/IMG_5999-scaled.jpeg 2048w\" sizes=\"auto, (max-width: 179px) 100vw, 179px\" \/><\/a><\/p>\n<p><!--more--><\/p>\n<p>In den kommenden Wochen freue ich mich sehr, die KvG als Vertretungslehrerin mit zw\u00f6lf Wochenstunden zu unterst\u00fctzen.<\/p>\n<p>&nbsp;<\/p>\n<p>&nbsp;<\/p>\n","protected":false},"excerpt":{"rendered":"<p>Mein Name ist Ronja Sandmann und ich studiere seit 2020 Lehramt an der Universit\u00e4t M\u00fcnster mit den F\u00e4chern Deutsch und Biologie. Im Herbst 2026 beende ich mein Studium in M\u00fcnster <a class=\"read-more\" href=\"https:\/\/www.kvg-rheine.de\/wordpress\/neues-gesicht\/\">... weiterlesen <span class=\"meta-nav\">&rarr;<\/span><\/a><\/p>\n","protected":false},"author":12,"featured_media":0,"comment_status":"closed","ping_status":"closed","sticky":false,"template":"","format":"standard","meta":{"ngg_post_thumbnail":0,"footnotes":""},"categories":[1],"tags":[],"class_list":["post-6286","post","type-post","status-publish","format-standard","hentry","category-allgemein"],"_links":{"self":[{"href":"https:\/\/www.kvg-rheine.de\/wordpress\/wp-json\/wp\/v2\/posts\/6286","targetHints":{"allow":["GET"]}}],"collection":[{"href":"https:\/\/www.kvg-rheine.de\/wordpress\/wp-json\/wp\/v2\/posts"}],"about":[{"href":"https:\/\/www.kvg-rheine.de\/wordpress\/wp-json\/wp\/v2\/types\/post"}],"author":[{"embeddable":true,"href":"https:\/\/www.kvg-rheine.de\/wordpress\/wp-json\/wp\/v2\/users\/12"}],"replies":[{"embeddable":true,"href":"https:\/\/www.kvg-rheine.de\/wordpress\/wp-json\/wp\/v2\/comments?post=6286"}],"version-history":[{"count":2,"href":"https:\/\/www.kvg-rheine.de\/wordpress\/wp-json\/wp\/v2\/posts\/6286\/revisions"}],"predecessor-version":[{"id":6289,"href":"https:\/\/www.kvg-rheine.de\/wordpress\/wp-json\/wp\/v2\/posts\/6286\/revisions\/6289"}],"wp:attachment":[{"href":"https:\/\/www.kvg-rheine.de\/wordpress\/wp-json\/wp\/v2\/media?parent=6286"}],"wp:term":[{"taxonomy":"category","embeddable":true,"href":"https:\/\/www.kvg-rheine.de\/wordpress\/wp-json\/wp\/v2\/categories?post=6286"},{"taxonomy":"post_tag","embeddable":true,"href":"https:\/\/www.kvg-rheine.de\/wordpress\/wp-json\/wp\/v2\/tags?post=6286"}],"curies":[{"name":"wp","href":"https:\/\/api.w.org\/{rel}","templated":true}]}}